{"id":9380,"date":"2009-03-20T20:22:43","date_gmt":"2009-03-20T19:22:43","guid":{"rendered":"http:\/\/www.pasteris.it\/blog\/?p=9380"},"modified":"2009-03-20T20:22:43","modified_gmt":"2009-03-20T19:22:43","slug":"il-battutismo-infettivo-di-berlusconi","status":"publish","type":"post","link":"https:\/\/www.pasteris.it\/blog\/2009\/03\/20\/il-battutismo-infettivo-di-berlusconi\/","title":{"rendered":"Il battutismo infettivo di Berlusconi"},"content":{"rendered":"<p>Berlusconi \u00e8 immenso: <a href=\"http:\/\/www.repubblica.it\/2009\/03\/sezioni\/esteri\/obama-presidenza-5\/gaffe-disabili\/gaffe-disabili.html\">\u00e8 riuscito a infettare con il suo battutismo infettivo a tutti i costi anche Obama.<\/a><\/p>\n<blockquote><p>Barack Obama \u00e8 inciampato in una gaffe sui disabili nel corso della sua attesa apparizione serale nello show televisivo del comico Jay Leno, e la Casa Bianca \u00e8 stata costretta a scusarsi in fretta per cercare di limitare i danni.<\/p>\n<p>Il presidente degli Stati Uniti, parlando con Leno al &#8216;The Tonight Show&#8217;, ha ironizzato sul fatto di essere impegnato a migliorare il proprio stile al bowling esercitandosi alla Casa Bianca, ma di essere scontento per ora dei risultati: i suoi tentativi, ha affermato, &#8220;sembrano un po&#8217; i Giochi paraolimpici&#8221;. La battuta, accompagnata da applausi, \u00e8 apparsa subito a rischio ai responsabili della comunicazione della Casa Bianca per il riferimento alle Olimpiadi speciali riservate a portatori di handicap e disabili.<\/p>\n<p>Lo show \u00e8 stato registrato in California e prima ancora che andasse in onda, \u00e8 partito il tentativo di rimediare. Il portavoce della Casa Bianca Bill Burton ha diffuso una dichiarazione affermando che Obama ritiene i Giochi paraolimpici &#8220;un programma splendido&#8221; che d\u00e0 la possibilit\u00e0 alle persone disabili di brillare. Da bordo dell&#8217;Air Force One, di ritorno dalla California a Washington, Obama ha poi telefonato per scusarsi al presidente delle &#8216;Special Olympics&#8217;, Tim Shriver.<\/p><\/blockquote>\n","protected":false},"excerpt":{"rendered":"<p>Berlusconi \u00e8 immenso: \u00e8 riuscito a infettare con il suo battutismo infettivo a tutti i costi anche Obama. Barack Obama \u00e8 inciampato in una gaffe sui disabili nel corso della sua attesa apparizione serale nello show televisivo del comico Jay Leno, e la Casa Bianca \u00e8 stata costretta a scusarsi in fretta per cercare di &#8230; <a title=\"Il battutismo infettivo di Berlusconi\" class=\"read-more\" href=\"https:\/\/www.pasteris.it\/blog\/2009\/03\/20\/il-battutismo-infettivo-di-berlusconi\/\" aria-label=\"Per saperne di pi\u00f9 su Il battutismo infettivo di Berlusconi\">Leggi tutto<\/a><\/p>\n","protected":false},"author":4,"featured_media":0,"comment_status":"open","ping_status":"open","sticky":false,"template":"","format":"standard","meta":{"footnotes":""},"categories":[1,31],"tags":[69,248],"class_list":["post-9380","post","type-post","status-publish","format-standard","hentry","category-politica","category-mondo","tag-berlusconi","tag-obama"],"_links":{"self":[{"href":"https:\/\/www.pasteris.it\/blog\/wp-json\/wp\/v2\/posts\/9380","targetHints":{"allow":["GET"]}}],"collection":[{"href":"https:\/\/www.pasteris.it\/blog\/wp-json\/wp\/v2\/posts"}],"about":[{"href":"https:\/\/www.pasteris.it\/blog\/wp-json\/wp\/v2\/types\/post"}],"author":[{"embeddable":true,"href":"https:\/\/www.pasteris.it\/blog\/wp-json\/wp\/v2\/users\/4"}],"replies":[{"embeddable":true,"href":"https:\/\/www.pasteris.it\/blog\/wp-json\/wp\/v2\/comments?post=9380"}],"version-history":[{"count":1,"href":"https:\/\/www.pasteris.it\/blog\/wp-json\/wp\/v2\/posts\/9380\/revisions"}],"predecessor-version":[{"id":9381,"href":"https:\/\/www.pasteris.it\/blog\/wp-json\/wp\/v2\/posts\/9380\/revisions\/9381"}],"wp:attachment":[{"href":"https:\/\/www.pasteris.it\/blog\/wp-json\/wp\/v2\/media?parent=9380"}],"wp:term":[{"taxonomy":"category","embeddable":true,"href":"https:\/\/www.pasteris.it\/blog\/wp-json\/wp\/v2\/categories?post=9380"},{"taxonomy":"post_tag","embeddable":true,"href":"https:\/\/www.pasteris.it\/blog\/wp-json\/wp\/v2\/tags?post=9380"}],"curies":[{"name":"wp","href":"https:\/\/api.w.org\/{rel}","templated":true}]}}