{"id":9745,"date":"2009-04-07T12:28:25","date_gmt":"2009-04-07T11:28:25","guid":{"rendered":"http:\/\/www.pasteris.it\/blog\/?p=9745"},"modified":"2009-04-08T07:05:48","modified_gmt":"2009-04-08T06:05:48","slug":"la-creativita-al-potere-purche-alla-boston-globe","status":"publish","type":"post","link":"https:\/\/www.pasteris.it\/blog\/2009\/04\/07\/la-creativita-al-potere-purche-alla-boston-globe\/","title":{"rendered":"La creativit\u00e0 al potere purch\u00e8 alla Boston Globe"},"content":{"rendered":"<p><a href=\"http:\/\/www.pasteris.it\/blog\/wp-content\/uploads\/2009\/04\/bostonglobe-like.jpg\"><img loading=\"lazy\" decoding=\"async\" class=\"alignnone size-full wp-image-9746\" title=\"bostonglobe-like\" src=\"http:\/\/www.pasteris.it\/blog\/wp-content\/uploads\/2009\/04\/bostonglobe-like.jpg\" alt=\"bostonglobe-like\" width=\"579\" height=\"174\" srcset=\"https:\/\/www.pasteris.it\/blog\/wp-content\/uploads\/2009\/04\/bostonglobe-like.jpg 1566w, https:\/\/www.pasteris.it\/blog\/wp-content\/uploads\/2009\/04\/bostonglobe-like-300x90.jpg 300w, https:\/\/www.pasteris.it\/blog\/wp-content\/uploads\/2009\/04\/bostonglobe-like-1024x309.jpg 1024w\" sizes=\"auto, (max-width: 579px) 100vw, 579px\" \/><\/a><\/p>\n<p>Le versioni digitali dei tre maggiori quotidiani generalisti italiani stanno proponendo in questi giorni della tragedia del terremoto abruzzese <a href=\"http:\/\/www.mantellini.it\/?p=6589\">delle testate dei siti con grandi fotografie<\/a>.<\/p>\n<p>L&#8217;origine di queste foto ha gi\u00e0 <a href=\"http:\/\/educazionecinica.splinder.com\/post\/20260519\/La+pornografia+del+giornalismo\">creato grosse polemiche in rete<\/a>. UPDATE: con le c<a href=\"http:\/\/mediablog.corriere.it\/2009\/04\/terremoto_informazione_e_citiz.html\">orrette risposte alle polemiche<\/a><\/p>\n<p>E&#8217; per lo meno curioso che tutti abbiano scelto di copiare al volo, ma in peggio, la straordinaria <a href=\"http:\/\/www.boston.com\/bigpicture\/\">Big Picture<\/a> del Boston Globe e che abbiano deciso di riempire la rete di tanti byte proprio quando c&#8217;\u00e8 gi\u00e0 tanto traffico in rete.<\/p>\n","protected":false},"excerpt":{"rendered":"<p>Le versioni digitali dei tre maggiori quotidiani generalisti italiani stanno proponendo in questi giorni della tragedia del terremoto abruzzese delle testate dei siti con grandi fotografie. L&#8217;origine di queste foto ha gi\u00e0 creato grosse polemiche in rete. UPDATE: con le corrette risposte alle polemiche E&#8217; per lo meno curioso che tutti abbiano scelto di copiare &#8230; <a title=\"La creativit\u00e0 al potere purch\u00e8 alla Boston Globe\" class=\"read-more\" href=\"https:\/\/www.pasteris.it\/blog\/2009\/04\/07\/la-creativita-al-potere-purche-alla-boston-globe\/\" aria-label=\"Per saperne di pi\u00f9 su La creativit\u00e0 al potere purch\u00e8 alla Boston Globe\">Leggi tutto<\/a><\/p>\n","protected":false},"author":4,"featured_media":0,"comment_status":"open","ping_status":"open","sticky":false,"template":"","format":"standard","meta":{"footnotes":""},"categories":[6,30,32],"tags":[159,279,499],"class_list":["post-9745","post","type-post","status-publish","format-standard","hentry","category-internet","category-media","category-pensieri","tag-giornali","tag-quotidiani","tag-terremoto"],"_links":{"self":[{"href":"https:\/\/www.pasteris.it\/blog\/wp-json\/wp\/v2\/posts\/9745","targetHints":{"allow":["GET"]}}],"collection":[{"href":"https:\/\/www.pasteris.it\/blog\/wp-json\/wp\/v2\/posts"}],"about":[{"href":"https:\/\/www.pasteris.it\/blog\/wp-json\/wp\/v2\/types\/post"}],"author":[{"embeddable":true,"href":"https:\/\/www.pasteris.it\/blog\/wp-json\/wp\/v2\/users\/4"}],"replies":[{"embeddable":true,"href":"https:\/\/www.pasteris.it\/blog\/wp-json\/wp\/v2\/comments?post=9745"}],"version-history":[{"count":5,"href":"https:\/\/www.pasteris.it\/blog\/wp-json\/wp\/v2\/posts\/9745\/revisions"}],"predecessor-version":[{"id":9751,"href":"https:\/\/www.pasteris.it\/blog\/wp-json\/wp\/v2\/posts\/9745\/revisions\/9751"}],"wp:attachment":[{"href":"https:\/\/www.pasteris.it\/blog\/wp-json\/wp\/v2\/media?parent=9745"}],"wp:term":[{"taxonomy":"category","embeddable":true,"href":"https:\/\/www.pasteris.it\/blog\/wp-json\/wp\/v2\/categories?post=9745"},{"taxonomy":"post_tag","embeddable":true,"href":"https:\/\/www.pasteris.it\/blog\/wp-json\/wp\/v2\/tags?post=9745"}],"curies":[{"name":"wp","href":"https:\/\/api.w.org\/{rel}","templated":true}]}}