{"id":9837,"date":"2009-04-10T16:48:08","date_gmt":"2009-04-10T15:48:08","guid":{"rendered":"http:\/\/www.pasteris.it\/blog\/?p=9837"},"modified":"2009-04-10T16:48:08","modified_gmt":"2009-04-10T15:48:08","slug":"laquila-non-ce-piu","status":"publish","type":"post","link":"https:\/\/www.pasteris.it\/blog\/2009\/04\/10\/laquila-non-ce-piu\/","title":{"rendered":"L&#8217;Aquila non c&#8217;\u00e8 pi\u00f9"},"content":{"rendered":"<p><img loading=\"lazy\" decoding=\"async\" class=\"alignright\" title=\"Anna\" src=\"http:\/\/4.bp.blogspot.com\/_Paevr0IdpIs\/SX7cYfd-VcI\/AAAAAAAABeY\/zN53qvlYwFE\/S220\/IMG_2766x.jpg\" alt=\"\" width=\"220\" height=\"165\" \/><a href=\"http:\/\/miskappa.blogspot.com\/2009\/04\/laquila-non-ce-piu.html\">La storia del terremoto nel racconto di Anna<\/a>, che h<a href=\"http:\/\/miskappa.blogspot.com\/2009\/04\/ho-bisogno-di.html\">a bisogno di un PC con chiavetta per connettersi a internet<\/a> e raccontare la sua avventura<\/p>\n<blockquote><p>Questa sono io. La situazione \u00e8 tragica. Inenarrabile. Io e la mia famiglia abbiamo perso tutto: case, lavoro, vita passata, radici. . Ma quello che vorrei urlaste al posto mio \u00e8 la rabbia di essere stati lasciati soli. Noi Abruzzesi siamo stati mandati a morte scientemente. Erano mesi e mesi di scosse, e nessuno ne ha mai parlato. Nessun giornale, nessun TG.. Nessun piano di emergenza era stato approntato. Siamo stati mandati a morte. Avrebbero dovuto farci evacuare. Il terremoto del 700 ha avuto la stessa casistica, gli stessi tempi. Identico. E loro ci rassicuravano. Parlano di 200 morti. Bugia. Al momento sono mille. E non \u00e8 finita. E gli sfollati sono 60mila.<\/p><\/blockquote>\n","protected":false},"excerpt":{"rendered":"<p>La storia del terremoto nel racconto di Anna, che ha bisogno di un PC con chiavetta per connettersi a internet e raccontare la sua avventura Questa sono io. La situazione \u00e8 tragica. Inenarrabile. Io e la mia famiglia abbiamo perso tutto: case, lavoro, vita passata, radici. . Ma quello che vorrei urlaste al posto mio &#8230; <a title=\"L&#8217;Aquila non c&#8217;\u00e8 pi\u00f9\" class=\"read-more\" href=\"https:\/\/www.pasteris.it\/blog\/2009\/04\/10\/laquila-non-ce-piu\/\" aria-label=\"Per saperne di pi\u00f9 su L&#8217;Aquila non c&#8217;\u00e8 pi\u00f9\">Leggi tutto<\/a><\/p>\n","protected":false},"author":4,"featured_media":0,"comment_status":"open","ping_status":"open","sticky":false,"template":"","format":"standard","meta":{"footnotes":""},"categories":[10,32],"tags":[822,499],"class_list":["post-9837","post","type-post","status-publish","format-standard","hentry","category-blog","category-pensieri","tag-abruzzo","tag-terremoto"],"_links":{"self":[{"href":"https:\/\/www.pasteris.it\/blog\/wp-json\/wp\/v2\/posts\/9837","targetHints":{"allow":["GET"]}}],"collection":[{"href":"https:\/\/www.pasteris.it\/blog\/wp-json\/wp\/v2\/posts"}],"about":[{"href":"https:\/\/www.pasteris.it\/blog\/wp-json\/wp\/v2\/types\/post"}],"author":[{"embeddable":true,"href":"https:\/\/www.pasteris.it\/blog\/wp-json\/wp\/v2\/users\/4"}],"replies":[{"embeddable":true,"href":"https:\/\/www.pasteris.it\/blog\/wp-json\/wp\/v2\/comments?post=9837"}],"version-history":[{"count":2,"href":"https:\/\/www.pasteris.it\/blog\/wp-json\/wp\/v2\/posts\/9837\/revisions"}],"predecessor-version":[{"id":9839,"href":"https:\/\/www.pasteris.it\/blog\/wp-json\/wp\/v2\/posts\/9837\/revisions\/9839"}],"wp:attachment":[{"href":"https:\/\/www.pasteris.it\/blog\/wp-json\/wp\/v2\/media?parent=9837"}],"wp:term":[{"taxonomy":"category","embeddable":true,"href":"https:\/\/www.pasteris.it\/blog\/wp-json\/wp\/v2\/categories?post=9837"},{"taxonomy":"post_tag","embeddable":true,"href":"https:\/\/www.pasteris.it\/blog\/wp-json\/wp\/v2\/tags?post=9837"}],"curies":[{"name":"wp","href":"https:\/\/api.w.org\/{rel}","templated":true}]}}