{"id":9891,"date":"2009-04-13T08:28:26","date_gmt":"2009-04-13T07:28:26","guid":{"rendered":"http:\/\/www.pasteris.it\/blog\/?p=9891"},"modified":"2009-04-13T08:33:04","modified_gmt":"2009-04-13T07:33:04","slug":"la-lezione-inascoltata-di-montanelli","status":"publish","type":"post","link":"https:\/\/www.pasteris.it\/blog\/2009\/04\/13\/la-lezione-inascoltata-di-montanelli\/","title":{"rendered":"La lezione (inascoltata) di Montanelli"},"content":{"rendered":"<p><a href=\"http:\/\/www.lastampa.it\/redazione\/cmsSezioni\/cultura\/200904articoli\/42742girata.asp\">Via Lastampa.it<\/a><\/p>\n<blockquote><p>Noi giornalisti dobbiamo fare i conti con un nemico mortale. Anzich\u00e9 combatterlo, ci siamo messi al suo servizio: \u00e8 la televisione. Ho le stesse idee di Popper, la televisione \u00e8 la pi\u00f9 grossa iattura che potesse capitarci, perch\u00e9 \u00e8 stata utilizzata in modo tale da esserlo. I giornali sono diventati i megafoni della televisione, per questo troviamo titoli a otto o nove colonne su Pippo Baudo o la Parietti. La televisione potrebbe essere un grande strumento di cultura, ma non lo \u00e8. Questi per\u00f2 sono affari suoi. Ci\u00f2 che \u00e8 affar nostro \u00e8 di esserci messi a fare i megafoni, copiandone anche i costumi e riconoscendone la supremazia.<\/p>\n<p>L\u2019Italia, oltre ad aver sempre mescolato il serio con il futile, ha sempre preso il futile come l&#8217;unica cosa seria. E noi non facciamo che adeguarci, portando agli eccessi questa perversione del nostro costume. Ma c\u2019\u00e8 di peggio. La televisione insegna ed apre la strada al protagonismo, che portato nel giornalismo ha effetti catastrofici. La televisione aizza quel pessimo incentivo tipico dei cattivi giornalisti, la ricerca a tutti i costi dello scoop. Se qualcuno di voi vorr\u00e0 fare questo mestiere, sfuggite alla tentazione dello scoop! Ricordate che esso \u00e8 la scorciatoia dei somari.<br \/>\n&#8230;<br \/>\n<!--more--><br \/>\nOggi io vedo i direttori nuovi. Sono bravissimi, intendiamoci, hanno tra i 40 e i 50 anni, potrebbero essere miei figli. Ma non stanno in direzione, li ho sotto gli occhi, stanno nell\u2019ufficio marketing, perch\u00e9 la cosa fondamentale di un giornale \u00e8 la cosiddetta audience. L\u2019audience procura pubblicit\u00e0, perch\u00e9 un giornale non deve solo vivere, ma deve anche produrre soldi, soprattutto se vuole essere indipendente. Un giornale che deve chiedere soldi a qualcuno \u00e8 per forza di cose suo servo. Io ho perso la Voce perch\u00e9 non riuscii a portarlo in attivo. \u00c8 l\u2019audience nelle sue forme pi\u00f9 volgari che ci obbliga a involgarire il giornale, che per stampare deve battere questa strada. <\/p>\n<p>Questa strada per\u00f2 non ci conduce a niente. Noi avremo un giornalismo sempre peggiore perch\u00e9 sempre pi\u00f9 in cerca di audience, sempre pi\u00f9 in cerca di pubblicit\u00e0 e quindi sempre pi\u00f9 portato ad assecondare i peggiori gusti del pubblico, invece di correggerli. Intendiamoci, il pubblico \u00e8 sempre il nostro padrone, non si pu\u00f2 prenderlo di petto ma lo si deve educare. Senza mostrarlo per\u00f2, perch\u00e9 non c\u2019\u00e8 niente di peggio degli atteggiamenti da mentori. Non so se il giornalismo \u00e8 capace di compiere un\u2019evoluzione in questo senso, ma io non ne vedo i segni. <\/p>\n<p>Se io avessi 40 anni di meno, tenterei di nuovo di fare un giornale. Ora qualcuno si meraviglier\u00e0, ma seguirei la strada aperta dal mio arcinemico Ferrara con il Foglio. Quel giornale \u00e8 probabilmente ci\u00f2 che avrei dovuto fare io con la Voce, che non ebbi la forza e la possibilit\u00e0 di fare. Un giornale che adeguasse immediatamente i suoi mezzi ai costi, con poche pagine, che potesse fare a meno di gran parte della pubblicit\u00e0, con dei giornalisti &#8211; ahim\u00e9 &#8211; pagati poco. Ma noi siamo sempre pagati poco, questo mestiere non si fa per i soldi. Anzi, se incontrate un giornalista ricco, diffidatene. Il giornalismo non conduce alla ricchezza, pu\u00f2 condurre al benessere, per carit\u00e0. Io non mi lamento affatto, ho quanto mi basta e anche di pi\u00f9 per campare bene. Ma il giornalista ricco \u00e8 un giornalista che puzza perch\u00e9 si \u00e8 servito del mestiere per raggiungere altri obiettivi. Un giornalista che si asservisce al mestiere &#8211; chiedendo scusa al procuratore Maddalena &#8211; lo fucilerei.<\/p><\/blockquote>\n","protected":false},"excerpt":{"rendered":"<p>Via Lastampa.it Noi giornalisti dobbiamo fare i conti con un nemico mortale. Anzich\u00e9 combatterlo, ci siamo messi al suo servizio: \u00e8 la televisione. Ho le stesse idee di Popper, la televisione \u00e8 la pi\u00f9 grossa iattura che potesse capitarci, perch\u00e9 \u00e8 stata utilizzata in modo tale da esserlo. I giornali sono diventati i megafoni della &#8230; <a title=\"La lezione (inascoltata) di Montanelli\" class=\"read-more\" href=\"https:\/\/www.pasteris.it\/blog\/2009\/04\/13\/la-lezione-inascoltata-di-montanelli\/\" aria-label=\"Per saperne di pi\u00f9 su La lezione (inascoltata) di Montanelli\">Leggi tutto<\/a><\/p>\n","protected":false},"author":4,"featured_media":0,"comment_status":"open","ping_status":"open","sticky":false,"template":"","format":"standard","meta":{"footnotes":""},"categories":[30,32],"tags":[160,744],"class_list":["post-9891","post","type-post","status-publish","format-standard","hentry","category-media","category-pensieri","tag-giornalismo","tag-montanelli"],"_links":{"self":[{"href":"https:\/\/www.pasteris.it\/blog\/wp-json\/wp\/v2\/posts\/9891","targetHints":{"allow":["GET"]}}],"collection":[{"href":"https:\/\/www.pasteris.it\/blog\/wp-json\/wp\/v2\/posts"}],"about":[{"href":"https:\/\/www.pasteris.it\/blog\/wp-json\/wp\/v2\/types\/post"}],"author":[{"embeddable":true,"href":"https:\/\/www.pasteris.it\/blog\/wp-json\/wp\/v2\/users\/4"}],"replies":[{"embeddable":true,"href":"https:\/\/www.pasteris.it\/blog\/wp-json\/wp\/v2\/comments?post=9891"}],"version-history":[{"count":4,"href":"https:\/\/www.pasteris.it\/blog\/wp-json\/wp\/v2\/posts\/9891\/revisions"}],"predecessor-version":[{"id":9894,"href":"https:\/\/www.pasteris.it\/blog\/wp-json\/wp\/v2\/posts\/9891\/revisions\/9894"}],"wp:attachment":[{"href":"https:\/\/www.pasteris.it\/blog\/wp-json\/wp\/v2\/media?parent=9891"}],"wp:term":[{"taxonomy":"category","embeddable":true,"href":"https:\/\/www.pasteris.it\/blog\/wp-json\/wp\/v2\/categories?post=9891"},{"taxonomy":"post_tag","embeddable":true,"href":"https:\/\/www.pasteris.it\/blog\/wp-json\/wp\/v2\/tags?post=9891"}],"curies":[{"name":"wp","href":"https:\/\/api.w.org\/{rel}","templated":true}]}}