{"id":9939,"date":"2009-04-15T13:52:51","date_gmt":"2009-04-15T12:52:51","guid":{"rendered":"http:\/\/www.pasteris.it\/blog\/?p=9939"},"modified":"2009-04-15T13:52:51","modified_gmt":"2009-04-15T12:52:51","slug":"una-bella-storia-tra-la-corrida-e-x-factor","status":"publish","type":"post","link":"https:\/\/www.pasteris.it\/blog\/2009\/04\/15\/una-bella-storia-tra-la-corrida-e-x-factor\/","title":{"rendered":"Una bella storia tra la Corrida e X-Factor"},"content":{"rendered":"<p><a href=\"http:\/\/www.river-blog.com\/2009\/04\/13\/susan-boyle-dai-bulli-della-scuola-al-palco-e-ora-la-sony\/\">Via Riverblog<\/a><\/p>\n<p><img loading=\"lazy\" decoding=\"async\" class=\"reflect alignright\" src=\"http:\/\/farm4.static.flickr.com\/3570\/3438003512_d4e4763c7c.jpg?v=0\" alt=\"susan-boyle-at-home-pic-sm-473686870 by you.\" width=\"323\" height=\"350\" \/><\/p>\n<blockquote><p>Il giorno dopo l\u2019esibizione a Britain\u2019s Got Talent, la curiosit\u00e0 intorno a Susan Boyle\u00a0ha spinto vari giornali a intervistarla. Questa 47enne goffa che ha fatto emozionare non solo la platea dello show, ma anche le decine di migliaia di persone che da sabato stanno riproducendo il suo video (peccato che la televisione ITV1 stia facendo rimuovere da Youtube tutti i clip, per violazioni del copyright, rimandando al suo profilo ufficiale). Susan non si \u00e8 neanche fatta troppi problemi a confessare di non aver mai avuto un uomo, e di non essere mai stata baciata. E a <a href=\"http:\/\/www.mirror.co.uk\/celebs\/news\/2009\/04\/12\/brtain-s-got-talent-singing-sensation-susan-sang-to-escape-the-bullies-115875-21272894\/\">leggere una delle tante interviste<\/a>, capisco ancora di pi\u00f9 perch\u00e9 questa \u201ctigre\u201d, come l\u2019ha chiamata uno dei tre giudici, sia riuscita ad emozionarci\/mi cos\u00ec tanto. Forse \u00e8 vero che dalla sofferenza pu\u00f2 nascere qualcosa di positivo.<\/p>\n<p>Susan Boyle \u00e8 stata vittima di bullismo, sin da piccola. E ha sempre cercato di ripiegare sulla musica, iniziando a cantare all\u2019et\u00e0 di cinque anni. \u201cSono nata con una disabilit\u00e0 &#8211; racconta &#8211; che mi ha trasformata in un obiettivo per i bulli della scuola. Mi davano dei soprannomi per via dei miei capelli arruffati, e perch\u00e9 avevo dei problemi in classe. Ne parlai con gli insegnanti, ma siccome si trattava di bullismo verbale, pi\u00f9 che fisico, non sono mai stata in grado di dimostrarlo. Ma le parole, spesso, fanno pi\u00f9 male dei tagli. Le cicatrici oggi sono ancora al loro posto\u201d. La sua esibizione \u00e8 stata cos\u00ec convincente, che uno dei giudici ha iniziato a trattare con la SONY, per farle firmare un contratto. Per lei, \u00e8 una piccola rivincita: \u201cMi capita ancora di incontrare quei ragazzi che mi prendevano in giro. Oggi sono dei padri, con dei figli. Ma adesso mi sento di aver vinto\u201d.<\/p><\/blockquote>\n","protected":false},"excerpt":{"rendered":"<p>Via Riverblog Il giorno dopo l\u2019esibizione a Britain\u2019s Got Talent, la curiosit\u00e0 intorno a Susan Boyle\u00a0ha spinto vari giornali a intervistarla. Questa 47enne goffa che ha fatto emozionare non solo la platea dello show, ma anche le decine di migliaia di persone che da sabato stanno riproducendo il suo video (peccato che la televisione ITV1 &#8230; <a title=\"Una bella storia tra la Corrida e X-Factor\" class=\"read-more\" href=\"https:\/\/www.pasteris.it\/blog\/2009\/04\/15\/una-bella-storia-tra-la-corrida-e-x-factor\/\" aria-label=\"Per saperne di pi\u00f9 su Una bella storia tra la Corrida e X-Factor\">Leggi tutto<\/a><\/p>\n","protected":false},"author":4,"featured_media":0,"comment_status":"open","ping_status":"open","sticky":false,"template":"","format":"standard","meta":{"footnotes":""},"categories":[30,32],"tags":[332,837],"class_list":["post-9939","post","type-post","status-publish","format-standard","hentry","category-media","category-pensieri","tag-televisione","tag-uk"],"_links":{"self":[{"href":"https:\/\/www.pasteris.it\/blog\/wp-json\/wp\/v2\/posts\/9939","targetHints":{"allow":["GET"]}}],"collection":[{"href":"https:\/\/www.pasteris.it\/blog\/wp-json\/wp\/v2\/posts"}],"about":[{"href":"https:\/\/www.pasteris.it\/blog\/wp-json\/wp\/v2\/types\/post"}],"author":[{"embeddable":true,"href":"https:\/\/www.pasteris.it\/blog\/wp-json\/wp\/v2\/users\/4"}],"replies":[{"embeddable":true,"href":"https:\/\/www.pasteris.it\/blog\/wp-json\/wp\/v2\/comments?post=9939"}],"version-history":[{"count":2,"href":"https:\/\/www.pasteris.it\/blog\/wp-json\/wp\/v2\/posts\/9939\/revisions"}],"predecessor-version":[{"id":9941,"href":"https:\/\/www.pasteris.it\/blog\/wp-json\/wp\/v2\/posts\/9939\/revisions\/9941"}],"wp:attachment":[{"href":"https:\/\/www.pasteris.it\/blog\/wp-json\/wp\/v2\/media?parent=9939"}],"wp:term":[{"taxonomy":"category","embeddable":true,"href":"https:\/\/www.pasteris.it\/blog\/wp-json\/wp\/v2\/categories?post=9939"},{"taxonomy":"post_tag","embeddable":true,"href":"https:\/\/www.pasteris.it\/blog\/wp-json\/wp\/v2\/tags?post=9939"}],"curies":[{"name":"wp","href":"https:\/\/api.w.org\/{rel}","templated":true}]}}