{"id":9957,"date":"2009-04-17T03:33:14","date_gmt":"2009-04-17T02:33:14","guid":{"rendered":"http:\/\/www.pasteris.it\/blog\/?p=9957"},"modified":"2009-04-18T03:50:51","modified_gmt":"2009-04-18T02:50:51","slug":"obituary-fabio-metitieri","status":"publish","type":"post","link":"https:\/\/www.pasteris.it\/blog\/2009\/04\/17\/obituary-fabio-metitieri\/","title":{"rendered":"Obituary: Fabio Metitieri"},"content":{"rendered":"<p><a href=\"http:\/\/www.pasteris.it\/blog\/wp-content\/uploads\/2009\/04\/fabio-metitieri.jpg\"><img loading=\"lazy\" decoding=\"async\" class=\"alignright size-full wp-image-9958\" title=\"fabio-metitieri\" src=\"http:\/\/www.pasteris.it\/blog\/wp-content\/uploads\/2009\/04\/fabio-metitieri.jpg\" alt=\"fabio-metitieri\" width=\"122\" height=\"164\" \/><\/a>Ieri in serata un sms di <a href=\"http:\/\/orientalia4all.net\/\">Enrica<\/a> mi ha comunicato la notizia della morte di <a href=\"http:\/\/xoomer.virgilio.it\/fmetitie\/\">Fabio Metitieri<\/a>. Immediatamente mi sono buttato in rete per capire se era vero, se non si trattava di uno scherzo di cattivo gusto. Piano piano a partire dalle <a href=\"http:\/\/friendfeed.com\/e\/8602c596-4d69-4b0a-ab78-8e9e220a7863\/Questa-mi-mancava-richiesta-di-add-su-Facebook\/?service=internal\">prime notizie<\/a> <a href=\"http:\/\/friendfeed.com\/e\/932b5130-d433-4bab-aae9-06706203832c\/morto-Fabio-Metitieri\/\">frammentarie<\/a>, <a href=\"http:\/\/www.mantellini.it\/?p=6625\">altri<\/a> <a href=\"http:\/\/zambardino.blogautore.repubblica.it\/2009\/04\/17\/fabio-metitieri-intellettuale-digitale\/\">hanno<\/a> <a href=\"http:\/\/www.tiziano.caviglia.name\/blog\/post.php?post=2234\">confermato<\/a> <a href=\"http:\/\/www.afhome.org\/2009\/04\/16\/io-vi-verr-a-trovare\/\">la<\/a> <a href=\"http:\/\/www.maxkava.com\/2009\/04\/ciao-fabio-e-linganno-del-web-20.html\">morte<\/a> probabilmente per infarto di Fabio pare proprio nel giorno\u00a0 di uscita <a href=\"http:\/\/www.laterza.it\/schedalibro.asp?isbn=9788842089179\">del suo nuovo libro.<\/a><\/p>\n<p>Avevo conosciuto Fabio nella prima met\u00e0 degli anni &#8217;90 quando faceva parte della <em>direzione atenei<\/em> del <a href=\"http:\/\/www.csipiemonte.it\/\">CSI Piemonte<\/a> con Dario Deiaco, Massimo Delcorso ed Eleonora Pant\u00f2. Questo <em>dream team<\/em> seppe portare con passione e intelligenza internet all&#8217;interno delle universit\u00e0 torinesi e non solo. Era l&#8217;internet dei modem gracchianti, del telnet, della mail se andava bene. Dopo un po&#8217; arriv\u00f2 gopher, poi il www, poi sappiamo come \u00e8 andata. Fabio inizi\u00f2 una sua attivit\u00e0 da divulgatore e giornalista che riusc\u00ec da subito a dargli visibilit\u00e0 al di fuori della realt\u00e0 locale.<\/p>\n<p>A quel punto verso la fine degli anni &#8217;90 si trov\u00f2 davanti a un bivio. Scegliere di rimanere nel suo posto di lavoro e rischiare di essere <em>comandato<\/em> da un rampante burocrate politicizzato, peggio se paraculato, che conosceva la tecnologia e la rete 100 volte meno di lui. Oppure fare un salto e diventare un <em>uomo libero<\/em>. Ovviamente Metitieri scelse la seconda soluzione abbandonando Torino per trasferirsi a Milano dove inizi\u00f2 a collaborare con molte testate, importanti o meno, di informatica e dintorni, e a scrivere diversi libri dedicati alla rete, al suo uso nel contesto bibliografico, alle comunit\u00e0 virtuali e dintorni.<\/p>\n<p><!--more--><\/p>\n<p>A questo punto i nostri destini si incrociarono di nuovo perch\u00e8 ci trovammo compagni di scaffale con due dei primi titoli di Connessioni, una collana voluta sempre alla fine degli anni &#8217;90 dall&#8217;allora amministratore delegato di Apogeo Massimo Esposti, per fare uscire la rete dall&#8217;angolo dei tecnici e farla capire al grande pubblico.<\/p>\n<p>Fabio Metitieri era conosciuto in rete oltre che per il suo grande lavoro, per essere considerato <a href=\"http:\/\/www.lucianogiustini.org\/blog\/archives\/2004\/05\/epistemologia_del_troll.shtml\">il troll per antonomasia della rete italiana<\/a>. Prima ai tempi delle mailing list, dei newsgroup e dei forum, poi nei tempi di blog, social netowrk e consimili. Aveva la capacit\u00e0 esplosiva, e non parliamo in metafora, di riuscire ad attaccar briga in rete con tutti e su quasi ogni argomento. Salvo <a href=\"http:\/\/www.mantellini.it\/?p=3927\">quando esagerava, e spesso capitava<\/a>, era per\u00f2<a href=\"http:\/\/www.gaspartorriero.it\/2009\/04\/i-love-metitieri.html\"> quasi diventato una istituzione<\/a>. Sapeva di rete e di tecnologie, le aveva scandagliate da tanto tempo. Amava la discussione, cercava per quanto possibile di uscire dalle definizioni banali e dai luoghi comuni, di arrivare al succo delle cose. Era comunque coerente con le sue scelte.<\/p>\n<p>Molti si chiedevano perch\u00e8 non si fosse aperto un suo blog e Fabio gli rispondeva direttamente <a href=\"http:\/\/xoomer.virgilio.it\/fmetitie\/index.html\">sulla sua pagina in rete<\/a>.<\/p>\n<blockquote><p>no, non bloggo. Come ha detto Marc Andreessen: &#8220;I don&#8217;t have the time or ego need&#8221;. Lui ha cambiato idea, io no. Non saprei cosa aggiungere a quello che gi\u00e0 scrivo per lavoro, non con dei post ogni giorno. Ma voi fate pure, io vi verr\u00f2 a trovare.<\/p><\/blockquote>\n<p>Fabio aveva una carattere difficile: scontroso, spigoloso, polemico. A volte esagerava, volutamente o meno, creando discreti putiferi. Era sempre molto diretto, forse troppo. Era sempre pronto alla polemica, forse troppo. Se avesse amato le pubbliche relazioni, gli aperitivi preserali, il lavoro sporco dello sgomitare per salire sul podio, oggi avremmo a incensarlo i grossi media che lui spesso criticava. E avrebbe fatto molta meno fatica a sbarcare il lunario in questi anni se non fosse stato coerente con le sue scelte di vita e a volte, lasciatecelo dire, un po&#8217; rompiscatole. Avrebbe potuto pi\u00f9 facilmente monetizzare tutta la sua competenza e la sua conoscenza che per\u00f2 non \u00e8 andata sprecata. Ma Fabio Metitieri era cos\u00ec, nel bene e nel male.<\/p>\n<p>Negli ultimi anni si era innamorato come altri di Second Life.<\/p>\n<p>Ciao Fabio, Met, Yukali, &#8230;.<\/p>\n<p>Fabio Metitieri aveva quasi 51 anni. Sar\u00e0 seppellito a Torino sabato prossimo al <a href=\"http:\/\/maps.google.it\/maps?f=q&amp;source=s_q&amp;hl=it&amp;q=Cimitero+Generale+Monumentale,+Corso+Novara,+153,+10154+Torino+Torino,+Piemonte&amp;sll=41.442726,12.392578&amp;sspn=23.546995,39.550781&amp;ie=UTF8&amp;cd=1&amp;geocode=FRTYrwId8oV1AA&amp;split=0&amp;t=h&amp;z=16&amp;iwloc=A\">Cimitero monumentale<\/a> presso il tempio crematorio a partire dalle ore 11.45.<\/p>\n","protected":false},"excerpt":{"rendered":"<p>Ieri in serata un sms di Enrica mi ha comunicato la notizia della morte di Fabio Metitieri. Immediatamente mi sono buttato in rete per capire se era vero, se non si trattava di uno scherzo di cattivo gusto. Piano piano a partire dalle prime notizie frammentarie, altri hanno confermato la morte probabilmente per infarto di &#8230; <a title=\"Obituary: Fabio Metitieri\" class=\"read-more\" href=\"https:\/\/www.pasteris.it\/blog\/2009\/04\/17\/obituary-fabio-metitieri\/\" aria-label=\"Per saperne di pi\u00f9 su Obituary: Fabio Metitieri\">Leggi tutto<\/a><\/p>\n","protected":false},"author":4,"featured_media":0,"comment_status":"open","ping_status":"open","sticky":false,"template":"","format":"standard","meta":{"footnotes":""},"categories":[6,424,14],"tags":[2155,845,846],"class_list":["post-9957","post","type-post","status-publish","format-standard","hentry","category-internet","category-personale","category-torino","tag-internet","tag-metitieri","tag-obituary"],"_links":{"self":[{"href":"https:\/\/www.pasteris.it\/blog\/wp-json\/wp\/v2\/posts\/9957","targetHints":{"allow":["GET"]}}],"collection":[{"href":"https:\/\/www.pasteris.it\/blog\/wp-json\/wp\/v2\/posts"}],"about":[{"href":"https:\/\/www.pasteris.it\/blog\/wp-json\/wp\/v2\/types\/post"}],"author":[{"embeddable":true,"href":"https:\/\/www.pasteris.it\/blog\/wp-json\/wp\/v2\/users\/4"}],"replies":[{"embeddable":true,"href":"https:\/\/www.pasteris.it\/blog\/wp-json\/wp\/v2\/comments?post=9957"}],"version-history":[{"count":6,"href":"https:\/\/www.pasteris.it\/blog\/wp-json\/wp\/v2\/posts\/9957\/revisions"}],"predecessor-version":[{"id":9960,"href":"https:\/\/www.pasteris.it\/blog\/wp-json\/wp\/v2\/posts\/9957\/revisions\/9960"}],"wp:attachment":[{"href":"https:\/\/www.pasteris.it\/blog\/wp-json\/wp\/v2\/media?parent=9957"}],"wp:term":[{"taxonomy":"category","embeddable":true,"href":"https:\/\/www.pasteris.it\/blog\/wp-json\/wp\/v2\/categories?post=9957"},{"taxonomy":"post_tag","embeddable":true,"href":"https:\/\/www.pasteris.it\/blog\/wp-json\/wp\/v2\/tags?post=9957"}],"curies":[{"name":"wp","href":"https:\/\/api.w.org\/{rel}","templated":true}]}}